{"id":1873,"date":"2022-06-08T09:05:22","date_gmt":"2022-06-08T07:05:22","guid":{"rendered":"https:\/\/potentielmaison.fr\/?p=1873"},"modified":"2024-05-31T17:27:31","modified_gmt":"2024-05-31T15:27:31","slug":"comment","status":"publish","type":"post","link":"https:\/\/potentielmaison.fr\/index.php\/2022\/06\/08\/comment\/","title":{"rendered":"comment bien agencer une grande salle-de bain familiale de 7 m2"},"content":{"rendered":"\n<p>J&rsquo;ai toujours beaucoup de plaisir \u00e0 travailler sur vos projets de r\u00e9agencement. L&rsquo;espace de vie change alors compl\u00e8tement et tout para\u00eet plus grand et plus agr\u00e9able, tirant ainsi parti des points forts de votre lieu de vie.<\/p>\n\n\n\n<p>Pour ce projet de redistribution, les propri\u00e9taires souhaitaient cr\u00e9er un vrai bureau suppl\u00e9mentaire, et avoir enfin une vraie belle salle-de-bain familiale, \u00e0 la fois pratique et jolie. Et leur magnifique maison bourgeoise de 1930 le m\u00e9ritait vraiment. Avec leur accord, voici quelques photos et plans retra\u00e7ant quelques \u00e9tapes du projet, et plus sp\u00e9cifiquement de la salle-de-bain.<\/p>\n\n\n\n<p><\/p>\n\n\n\n<figure class=\"wp-block-image size-large\"><img loading=\"lazy\" decoding=\"async\" width=\"1024\" height=\"883\" src=\"https:\/\/potentielmaison.fr\/wp-content\/uploads\/2022\/06\/reagencement-maison-lille-scaled-e1654672528750-1024x883.jpg\" alt=\"\" class=\"wp-image-1845\" srcset=\"https:\/\/potentielmaison.fr\/wp-content\/uploads\/2022\/06\/reagencement-maison-lille-scaled-e1654672528750-1024x883.jpg 1024w, https:\/\/potentielmaison.fr\/wp-content\/uploads\/2022\/06\/reagencement-maison-lille-scaled-e1654672528750-300x259.jpg 300w, https:\/\/potentielmaison.fr\/wp-content\/uploads\/2022\/06\/reagencement-maison-lille-scaled-e1654672528750-768x662.jpg 768w, https:\/\/potentielmaison.fr\/wp-content\/uploads\/2022\/06\/reagencement-maison-lille-scaled-e1654672528750-1536x1324.jpg 1536w, https:\/\/potentielmaison.fr\/wp-content\/uploads\/2022\/06\/reagencement-maison-lille-scaled-e1654672528750-720x621.jpg 720w, https:\/\/potentielmaison.fr\/wp-content\/uploads\/2022\/06\/reagencement-maison-lille-scaled-e1654672528750.jpg 1989w\" sizes=\"(max-width: 1024px) 100vw, 1024px\" \/><\/figure>\n\n\n\n<p><\/p>\n\n\n\n<p><\/p>\n\n\n\n<h2 class=\"has-medium-font-size wp-block-heading\">Premi\u00e8re \u00e9tape<\/h2>\n\n\n\n<p>Nous avons donc commenc\u00e9 par \u00e9tablir un cahier des charges pour d\u00e9finir  leurs attentes, besoins et envies.<\/p>\n\n\n\n<p>J&rsquo;ai ensuite commenc\u00e9 par le travail du plan, afin de cr\u00e9er le fameux bureau suppl\u00e9mentaire. J&rsquo;ai g\u00e9r\u00e9 les circulations, et surtout positionner de la meilleure fa\u00e7on possible tous les \u00e9l\u00e9ments de la future nouvelle salle-de-bain. (les flux, \u00e9vacuations, l&rsquo;\u00e9lectricit\u00e9, la VMC  sont bien sur tr\u00e8s importants).<\/p>\n\n\n\n<p>En retravaillant compl\u00e8tement le plan et le positionnement des cloisons, j&rsquo;obtiens un plus grand volume libre dans la salle-de-bain, tout en cr\u00e9ant une pi\u00e8ce suppl\u00e9mentaire pour le bureau. Quand on parle d&rsquo;optimisation d&rsquo;espace, on y est.<\/p>\n\n\n\n<p><\/p>\n\n\n\n<figure class=\"wp-block-image size-large\"><img loading=\"lazy\" decoding=\"async\" width=\"1024\" height=\"731\" src=\"https:\/\/potentielmaison.fr\/wp-content\/uploads\/2022\/06\/salle-de-bain-deco-ecaille-de-poisson-1024x731.jpg\" alt=\"\" class=\"wp-image-1844\" srcset=\"https:\/\/potentielmaison.fr\/wp-content\/uploads\/2022\/06\/salle-de-bain-deco-ecaille-de-poisson-1024x731.jpg 1024w, https:\/\/potentielmaison.fr\/wp-content\/uploads\/2022\/06\/salle-de-bain-deco-ecaille-de-poisson-300x214.jpg 300w, https:\/\/potentielmaison.fr\/wp-content\/uploads\/2022\/06\/salle-de-bain-deco-ecaille-de-poisson-768x548.jpg 768w, https:\/\/potentielmaison.fr\/wp-content\/uploads\/2022\/06\/salle-de-bain-deco-ecaille-de-poisson-720x514.jpg 720w, https:\/\/potentielmaison.fr\/wp-content\/uploads\/2022\/06\/salle-de-bain-deco-ecaille-de-poisson.jpg 1489w\" sizes=\"(max-width: 1024px) 100vw, 1024px\" \/><\/figure>\n\n\n\n<p><\/p>\n\n\n\n<p><\/p>\n\n\n\n<p><\/p>\n\n\n\n<h2 class=\"has-medium-font-size wp-block-heading\">Deuxi\u00e8me \u00e9tape, affiner le projet, ou  comment am\u00e9nager une salle de bain dans 7 m2 :<\/h2>\n\n\n\n<p>Avec de jeunes enfants, l&rsquo;ergonomie est indispensable. Chacun doit trouver sa place, se mouvoir, s&rsquo;asseoir, donner un bain sans se casser le dos. Dans la prise en compte de l&rsquo;ergonomie, en plus de la pr\u00e9hension et de la place du corps dans l&rsquo;espace, le rapport \u00e0 l&rsquo;intimit\u00e9, j&rsquo;int\u00e8gre aussi la lumi\u00e8re (naturelle et artificielle), et le toucher, sens exacerb\u00e9 dans une salle de bain.<\/p>\n\n\n\n<p>Les fonctions de stockage sont list\u00e9es et int\u00e9gr\u00e9es d\u00e8s le d\u00e9part dans le projet.<\/p>\n\n\n\n<p>Des rangements sont pr\u00e9vus pour le linge de toilettes, le linge sale, les affaires du lendemain &#8230; et bien sur tout le n\u00e9cessaire de toilette..<\/p>\n\n\n\n<p><\/p>\n\n\n\n<h2 class=\"has-medium-font-size wp-block-heading\">Troisi\u00e8me \u00e9tape : comment donner du style \u00e0 une salle de bain<\/h2>\n\n\n\n<p>Les propri\u00e9taires r\u00eavaient d&rsquo;un lieu unique et beau. Leur choix s&rsquo;est port\u00e9 sur une magnifique fa\u00efence \u00e9caille de poisson.<\/p>\n\n\n\n<p>Un travail pr\u00e9cis du plan de calepinage a permis aux artisans de poser l&rsquo;ensemble harmonieusement et sans surprise. Il a aussi permis \u00e0 mes clients de visualiser avant, diverses propositions et de choisir leur pr\u00e9f\u00e9r\u00e9e avant les travaux.<\/p>\n\n\n\n<p><\/p>\n\n\n\n<p><\/p>\n\n\n\n<figure class=\"wp-block-image size-large\"><img loading=\"lazy\" decoding=\"async\" width=\"1024\" height=\"549\" src=\"https:\/\/potentielmaison.fr\/wp-content\/uploads\/2022\/06\/proposition-calepinage-ecailles-poisson-sylvie-Guenezan-e1654097619893-1024x549.jpg\" alt=\"\" class=\"wp-image-1843\" srcset=\"https:\/\/potentielmaison.fr\/wp-content\/uploads\/2022\/06\/proposition-calepinage-ecailles-poisson-sylvie-Guenezan-e1654097619893-1024x549.jpg 1024w, https:\/\/potentielmaison.fr\/wp-content\/uploads\/2022\/06\/proposition-calepinage-ecailles-poisson-sylvie-Guenezan-e1654097619893-300x161.jpg 300w, https:\/\/potentielmaison.fr\/wp-content\/uploads\/2022\/06\/proposition-calepinage-ecailles-poisson-sylvie-Guenezan-e1654097619893-768x412.jpg 768w, https:\/\/potentielmaison.fr\/wp-content\/uploads\/2022\/06\/proposition-calepinage-ecailles-poisson-sylvie-Guenezan-e1654097619893-1536x823.jpg 1536w, https:\/\/potentielmaison.fr\/wp-content\/uploads\/2022\/06\/proposition-calepinage-ecailles-poisson-sylvie-Guenezan-e1654097619893-720x386.jpg 720w, https:\/\/potentielmaison.fr\/wp-content\/uploads\/2022\/06\/proposition-calepinage-ecailles-poisson-sylvie-Guenezan-e1654097619893.jpg 1989w\" sizes=\"(max-width: 1024px) 100vw, 1024px\" \/><figcaption>une belle salle de bain avec du carrelage \u00e9caille de poisson<\/figcaption><\/figure>\n\n\n\n<figure class=\"wp-block-image size-large\"><img loading=\"lazy\" decoding=\"async\" width=\"1024\" height=\"698\" src=\"https:\/\/potentielmaison.fr\/wp-content\/uploads\/2022\/06\/salle-de-bain-carrelage-ecaille-de-poisson-architecte-dinterieur-lille-1024x698.jpg\" alt=\"\" class=\"wp-image-1850\" srcset=\"https:\/\/potentielmaison.fr\/wp-content\/uploads\/2022\/06\/salle-de-bain-carrelage-ecaille-de-poisson-architecte-dinterieur-lille-1024x698.jpg 1024w, https:\/\/potentielmaison.fr\/wp-content\/uploads\/2022\/06\/salle-de-bain-carrelage-ecaille-de-poisson-architecte-dinterieur-lille-300x204.jpg 300w, https:\/\/potentielmaison.fr\/wp-content\/uploads\/2022\/06\/salle-de-bain-carrelage-ecaille-de-poisson-architecte-dinterieur-lille-768x523.jpg 768w, https:\/\/potentielmaison.fr\/wp-content\/uploads\/2022\/06\/salle-de-bain-carrelage-ecaille-de-poisson-architecte-dinterieur-lille-1536x1046.jpg 1536w, https:\/\/potentielmaison.fr\/wp-content\/uploads\/2022\/06\/salle-de-bain-carrelage-ecaille-de-poisson-architecte-dinterieur-lille-720x490.jpg 720w, https:\/\/potentielmaison.fr\/wp-content\/uploads\/2022\/06\/salle-de-bain-carrelage-ecaille-de-poisson-architecte-dinterieur-lille.jpg 1989w\" sizes=\"(max-width: 1024px) 100vw, 1024px\" \/><figcaption>comment am\u00e9nager une salle de bain de 7m2, comment am\u00e9nager une salle de bain carr\u00e9, comment am\u00e9nager une salle de bain rectangulaire, quelle couleur de carrelage pour une grande salle de bain,<\/figcaption><\/figure>\n","protected":false},"excerpt":{"rendered":"<p>J&rsquo;ai toujours beaucoup de plaisir \u00e0 travailler sur vos projets de r\u00e9agencement. L&rsquo;espace de vie change alors compl\u00e8tement et tout [&hellip;]<\/p>\n","protected":false},"author":2,"featured_media":1865,"comment_status":"closed","ping_status":"closed","sticky":false,"template":"","format":"standard","meta":{"footnotes":""},"categories":[1],"tags":[128,131,129,94,133,123,122,102,10,124],"yoast_head":"<!-- This site is optimized with the Yoast SEO plugin v20.4 - https:\/\/yoast.com\/wordpress\/plugins\/seo\/ -->\n<title>comment bien agencer une grande salle-de bain familiale de 7 m2 - Potentiel Maison<\/title>\n<meta name=\"robots\" content=\"index, follow, max-snippet:-1, max-image-preview:large, max-video-preview:-1\" \/>\n<link rel=\"canonical\" href=\"https:\/\/potentielmaison.fr\/index.php\/2022\/06\/08\/comment\/\" \/>\n<meta property=\"og:locale\" content=\"fr_FR\" \/>\n<meta property=\"og:type\" content=\"article\" \/>\n<meta property=\"og:title\" content=\"comment bien agencer une grande salle-de bain familiale de 7 m2 - Potentiel Maison\" \/>\n<meta property=\"og:description\" content=\"J&rsquo;ai toujours beaucoup de plaisir \u00e0 travailler sur vos projets de r\u00e9agencement. L&rsquo;espace de vie change alors compl\u00e8tement et tout [&hellip;]\" \/>\n<meta property=\"og:url\" content=\"https:\/\/potentielmaison.fr\/index.php\/2022\/06\/08\/comment\/\" \/>\n<meta property=\"og:site_name\" content=\"Potentiel Maison\" \/>\n<meta property=\"article:published_time\" content=\"2022-06-08T07:05:22+00:00\" \/>\n<meta property=\"article:modified_time\" content=\"2024-05-31T15:27:31+00:00\" \/>\n<meta property=\"og:image\" content=\"https:\/\/potentielmaison.fr\/wp-content\/uploads\/2022\/06\/amenagement-dune-grande-salle-de-bain-carre.jpg\" \/>\n\t<meta property=\"og:image:width\" content=\"850\" \/>\n\t<meta property=\"og:image:height\" content=\"850\" \/>\n\t<meta property=\"og:image:type\" content=\"image\/jpeg\" \/>\n<meta name=\"author\" content=\"sylvie\" \/>\n<meta name=\"twitter:card\" content=\"summary_large_image\" \/>\n<meta name=\"twitter:label1\" content=\"\u00c9crit par\" \/>\n\t<meta name=\"twitter:data1\" content=\"sylvie\" \/>\n\t<meta name=\"twitter:label2\" content=\"Dur\u00e9e de lecture estim\u00e9e\" \/>\n\t<meta name=\"twitter:data2\" content=\"3 minutes\" \/>\n<script type=\"application\/ld+json\" class=\"yoast-schema-graph\">{\"@context\":\"https:\/\/schema.org\",\"@graph\":[{\"@type\":\"Article\",\"@id\":\"https:\/\/potentielmaison.fr\/index.php\/2022\/06\/08\/comment\/#article\",\"isPartOf\":{\"@id\":\"https:\/\/potentielmaison.fr\/index.php\/2022\/06\/08\/comment\/\"},\"author\":{\"name\":\"sylvie\",\"@id\":\"https:\/\/potentielmaison.fr\/#\/schema\/person\/6393dd3b34a9b47ed941a2f74313ffa5\"},\"headline\":\"comment bien agencer une grande salle-de bain familiale de 7 m2\",\"datePublished\":\"2022-06-08T07:05:22+00:00\",\"dateModified\":\"2024-05-31T15:27:31+00:00\",\"mainEntityOfPage\":{\"@id\":\"https:\/\/potentielmaison.fr\/index.php\/2022\/06\/08\/comment\/\"},\"wordCount\":471,\"publisher\":{\"@id\":\"https:\/\/potentielmaison.fr\/#\/schema\/person\/6393dd3b34a9b47ed941a2f74313ffa5\"},\"keywords\":[\"am\u00e9nagement salle-de-bain rectangulaire\",\"architecte d&#039;int\u00e9rieur lille d\u00e9coratrice marcq-en-baroeul\",\"carrelage \u00e9caille de poisson\",\"d\u00e9co salle-de-bain\",\"plan salle de bain familiale\",\"salle de bain 7m\u00b2\",\"salle de bain 8m\u00b2\",\"Salle de bain bleu et bois\",\"salle-de-bain\",\"salle-de-bain 7m\u00b2\"],\"articleSection\":[\"Blog\"],\"inLanguage\":\"fr-FR\"},{\"@type\":\"WebPage\",\"@id\":\"https:\/\/potentielmaison.fr\/index.php\/2022\/06\/08\/comment\/\",\"url\":\"https:\/\/potentielmaison.fr\/index.php\/2022\/06\/08\/comment\/\",\"name\":\"comment bien agencer une grande salle-de bain familiale de 7 m2 - Potentiel Maison\",\"isPartOf\":{\"@id\":\"https:\/\/potentielmaison.fr\/#website\"},\"datePublished\":\"2022-06-08T07:05:22+00:00\",\"dateModified\":\"2024-05-31T15:27:31+00:00\",\"breadcrumb\":{\"@id\":\"https:\/\/potentielmaison.fr\/index.php\/2022\/06\/08\/comment\/#breadcrumb\"},\"inLanguage\":\"fr-FR\",\"potentialAction\":[{\"@type\":\"ReadAction\",\"target\":[\"https:\/\/potentielmaison.fr\/index.php\/2022\/06\/08\/comment\/\"]}]},{\"@type\":\"BreadcrumbList\",\"@id\":\"https:\/\/potentielmaison.fr\/index.php\/2022\/06\/08\/comment\/#breadcrumb\",\"itemListElement\":[{\"@type\":\"ListItem\",\"position\":1,\"name\":\"Accueil\",\"item\":\"https:\/\/potentielmaison.fr\/\"},{\"@type\":\"ListItem\",\"position\":2,\"name\":\"comment bien agencer une grande salle-de bain familiale de 7 m2\"}]},{\"@type\":\"WebSite\",\"@id\":\"https:\/\/potentielmaison.fr\/#website\",\"url\":\"https:\/\/potentielmaison.fr\/\",\"name\":\"Potentiel Maison\",\"description\":\"Sylvie Gu\u00e9n\u00e9zan \/ Architecte d&#039;int\u00e9rieur \/ D\u00e9corateur d&#039;int\u00e9rieur\",\"publisher\":{\"@id\":\"https:\/\/potentielmaison.fr\/#\/schema\/person\/6393dd3b34a9b47ed941a2f74313ffa5\"},\"potentialAction\":[{\"@type\":\"SearchAction\",\"target\":{\"@type\":\"EntryPoint\",\"urlTemplate\":\"https:\/\/potentielmaison.fr\/?s={search_term_string}\"},\"query-input\":\"required name=search_term_string\"}],\"inLanguage\":\"fr-FR\"},{\"@type\":[\"Person\",\"Organization\"],\"@id\":\"https:\/\/potentielmaison.fr\/#\/schema\/person\/6393dd3b34a9b47ed941a2f74313ffa5\",\"name\":\"sylvie\",\"logo\":{\"@id\":\"https:\/\/potentielmaison.fr\/#\/schema\/person\/image\/\"},\"url\":\"https:\/\/potentielmaison.fr\/index.php\/author\/sylvie\/\"}]}<\/script>\n<!-- \/ Yoast SEO plugin. -->","yoast_head_json":{"title":"comment bien agencer une grande salle-de bain familiale de 7 m2 - Potentiel Maison","robots":{"index":"index","follow":"follow","max-snippet":"max-snippet:-1","max-image-preview":"max-image-preview:large","max-video-preview":"max-video-preview:-1"},"canonical":"https:\/\/potentielmaison.fr\/index.php\/2022\/06\/08\/comment\/","og_locale":"fr_FR","og_type":"article","og_title":"comment bien agencer une grande salle-de bain familiale de 7 m2 - Potentiel Maison","og_description":"J&rsquo;ai toujours beaucoup de plaisir \u00e0 travailler sur vos projets de r\u00e9agencement. L&rsquo;espace de vie change alors compl\u00e8tement et tout [&hellip;]","og_url":"https:\/\/potentielmaison.fr\/index.php\/2022\/06\/08\/comment\/","og_site_name":"Potentiel Maison","article_published_time":"2022-06-08T07:05:22+00:00","article_modified_time":"2024-05-31T15:27:31+00:00","og_image":[{"width":850,"height":850,"url":"https:\/\/potentielmaison.fr\/wp-content\/uploads\/2022\/06\/amenagement-dune-grande-salle-de-bain-carre.jpg","type":"image\/jpeg"}],"author":"sylvie","twitter_card":"summary_large_image","twitter_misc":{"\u00c9crit par":"sylvie","Dur\u00e9e de lecture estim\u00e9e":"3 minutes"},"schema":{"@context":"https:\/\/schema.org","@graph":[{"@type":"Article","@id":"https:\/\/potentielmaison.fr\/index.php\/2022\/06\/08\/comment\/#article","isPartOf":{"@id":"https:\/\/potentielmaison.fr\/index.php\/2022\/06\/08\/comment\/"},"author":{"name":"sylvie","@id":"https:\/\/potentielmaison.fr\/#\/schema\/person\/6393dd3b34a9b47ed941a2f74313ffa5"},"headline":"comment bien agencer une grande salle-de bain familiale de 7 m2","datePublished":"2022-06-08T07:05:22+00:00","dateModified":"2024-05-31T15:27:31+00:00","mainEntityOfPage":{"@id":"https:\/\/potentielmaison.fr\/index.php\/2022\/06\/08\/comment\/"},"wordCount":471,"publisher":{"@id":"https:\/\/potentielmaison.fr\/#\/schema\/person\/6393dd3b34a9b47ed941a2f74313ffa5"},"keywords":["am\u00e9nagement salle-de-bain rectangulaire","architecte d&#039;int\u00e9rieur lille d\u00e9coratrice marcq-en-baroeul","carrelage \u00e9caille de poisson","d\u00e9co salle-de-bain","plan salle de bain familiale","salle de bain 7m\u00b2","salle de bain 8m\u00b2","Salle de bain bleu et bois","salle-de-bain","salle-de-bain 7m\u00b2"],"articleSection":["Blog"],"inLanguage":"fr-FR"},{"@type":"WebPage","@id":"https:\/\/potentielmaison.fr\/index.php\/2022\/06\/08\/comment\/","url":"https:\/\/potentielmaison.fr\/index.php\/2022\/06\/08\/comment\/","name":"comment bien agencer une grande salle-de bain familiale de 7 m2 - Potentiel Maison","isPartOf":{"@id":"https:\/\/potentielmaison.fr\/#website"},"datePublished":"2022-06-08T07:05:22+00:00","dateModified":"2024-05-31T15:27:31+00:00","breadcrumb":{"@id":"https:\/\/potentielmaison.fr\/index.php\/2022\/06\/08\/comment\/#breadcrumb"},"inLanguage":"fr-FR","potentialAction":[{"@type":"ReadAction","target":["https:\/\/potentielmaison.fr\/index.php\/2022\/06\/08\/comment\/"]}]},{"@type":"BreadcrumbList","@id":"https:\/\/potentielmaison.fr\/index.php\/2022\/06\/08\/comment\/#breadcrumb","itemListElement":[{"@type":"ListItem","position":1,"name":"Accueil","item":"https:\/\/potentielmaison.fr\/"},{"@type":"ListItem","position":2,"name":"comment bien agencer une grande salle-de bain familiale de 7 m2"}]},{"@type":"WebSite","@id":"https:\/\/potentielmaison.fr\/#website","url":"https:\/\/potentielmaison.fr\/","name":"Potentiel Maison","description":"Sylvie Gu\u00e9n\u00e9zan \/ Architecte d&#039;int\u00e9rieur \/ D\u00e9corateur d&#039;int\u00e9rieur","publisher":{"@id":"https:\/\/potentielmaison.fr\/#\/schema\/person\/6393dd3b34a9b47ed941a2f74313ffa5"},"potentialAction":[{"@type":"SearchAction","target":{"@type":"EntryPoint","urlTemplate":"https:\/\/potentielmaison.fr\/?s={search_term_string}"},"query-input":"required name=search_term_string"}],"inLanguage":"fr-FR"},{"@type":["Person","Organization"],"@id":"https:\/\/potentielmaison.fr\/#\/schema\/person\/6393dd3b34a9b47ed941a2f74313ffa5","name":"sylvie","logo":{"@id":"https:\/\/potentielmaison.fr\/#\/schema\/person\/image\/"},"url":"https:\/\/potentielmaison.fr\/index.php\/author\/sylvie\/"}]}},"_links":{"self":[{"href":"https:\/\/potentielmaison.fr\/index.php\/wp-json\/wp\/v2\/posts\/1873"}],"collection":[{"href":"https:\/\/potentielmaison.fr\/index.php\/wp-json\/wp\/v2\/posts"}],"about":[{"href":"https:\/\/potentielmaison.fr\/index.php\/wp-json\/wp\/v2\/types\/post"}],"author":[{"embeddable":true,"href":"https:\/\/potentielmaison.fr\/index.php\/wp-json\/wp\/v2\/users\/2"}],"replies":[{"embeddable":true,"href":"https:\/\/potentielmaison.fr\/index.php\/wp-json\/wp\/v2\/comments?post=1873"}],"version-history":[{"count":25,"href":"https:\/\/potentielmaison.fr\/index.php\/wp-json\/wp\/v2\/posts\/1873\/revisions"}],"predecessor-version":[{"id":1903,"href":"https:\/\/potentielmaison.fr\/index.php\/wp-json\/wp\/v2\/posts\/1873\/revisions\/1903"}],"wp:featuredmedia":[{"embeddable":true,"href":"https:\/\/potentielmaison.fr\/index.php\/wp-json\/wp\/v2\/media\/1865"}],"wp:attachment":[{"href":"https:\/\/potentielmaison.fr\/index.php\/wp-json\/wp\/v2\/media?parent=1873"}],"wp:term":[{"taxonomy":"category","embeddable":true,"href":"https:\/\/potentielmaison.fr\/index.php\/wp-json\/wp\/v2\/categories?post=1873"},{"taxonomy":"post_tag","embeddable":true,"href":"https:\/\/potentielmaison.fr\/index.php\/wp-json\/wp\/v2\/tags?post=1873"}],"curies":[{"name":"wp","href":"https:\/\/api.w.org\/{rel}","templated":true}]}}